{"id":50261,"date":"2022-05-05T22:00:24","date_gmt":"2022-05-05T20:00:24","guid":{"rendered":"https:\/\/blog.mariamohr.de\/?p=50261"},"modified":"2022-05-28T18:46:18","modified_gmt":"2022-05-28T16:46:18","slug":"gerd-ruge-stipendium-fuer-hefezeit","status":"publish","type":"post","link":"https:\/\/blog.mariamohr.de\/?p=50261","title":{"rendered":"Gerd Ruge Stipendium f\u00fcr HEFEZEIT"},"content":{"rendered":"\n<div class=\"wp-block-image\"><figure class=\"alignleft size-large is-resized\"><img loading=\"lazy\" decoding=\"async\" src=\"https:\/\/blog.mariamohr.de\/wp-content\/uploads\/2022\/05\/21-Gerd-Ruge-Stipendium-scaled-1-1024x681.jpg\" alt=\"\" class=\"wp-image-50262\" width=\"450\" height=\"300\" srcset=\"https:\/\/blog.mariamohr.de\/wp-content\/uploads\/2022\/05\/21-Gerd-Ruge-Stipendium-scaled-1-1024x681.jpg 1024w, https:\/\/blog.mariamohr.de\/wp-content\/uploads\/2022\/05\/21-Gerd-Ruge-Stipendium-scaled-1-300x200.jpg 300w, https:\/\/blog.mariamohr.de\/wp-content\/uploads\/2022\/05\/21-Gerd-Ruge-Stipendium-scaled-1-768x511.jpg 768w, https:\/\/blog.mariamohr.de\/wp-content\/uploads\/2022\/05\/21-Gerd-Ruge-Stipendium-scaled-1-1536x1022.jpg 1536w, https:\/\/blog.mariamohr.de\/wp-content\/uploads\/2022\/05\/21-Gerd-Ruge-Stipendium-scaled-1-2048x1362.jpg 2048w\" sizes=\"auto, (max-width: 450px) 100vw, 450px\" \/><figcaption>Von links nach rechts: die Stipendiat:innen Bettina Timm (\u201eIch bin dann morgen mal schlank\u201c), Marcin Wierzchowski (\u201eSchlagbaum\u201c), Maria Mohr (\u201eHefezeit\u201c), die Ehreng\u00e4ste Boris Ruge und Elisabeth Ruge, Petra M\u00fcller (GF FMS sowie Juryvorsitzende Gerd Ruge Stipendium) sowie die Stipendiaten Florian Heinzen-Ziob (\u201eSolastalgia\u201c) und Jakob Krese (\u201eThe Gods must be mistaken\u201c). Foto: Hojabr Riahi \/ Film- und Medienstiftung NRW<\/figcaption><\/figure><\/div>\n\n\n\n<p><\/p>\n\n\n\n<p><\/p>\n\n\n\n<p><\/p>\n\n\n\n<p><\/p>\n\n\n\n<p>F\u00fcr die Entwicklung des Kinodokumentarfilms HEFEZEIT erhalte ich ein   <a rel=\"noreferrer noopener\" href=\"https:\/\/www.filmstiftung.de\/news\/21-verleihung-gerd-ruge-stipendium-der-film-und-medienstiftung-nrw\/\" data-type=\"URL\" data-id=\"https:\/\/www.filmstiftung.de\/news\/21-verleihung-gerd-ruge-stipendium-der-film-und-medienstiftung-nrw\/\" target=\"_blank\"><strong>Gerd Ruge Stipendium<\/strong> der Film- und Medienstiftung NRW<\/a>.<\/p>\n\n\n\n<p>Herzlichen Dank an Petra M\u00fcller, Susanna Felgener, Elyssa Schneebauer, an die Jury &#8211; und an Elisabeth Ruge und Boris Ruge!<\/p>\n\n\n\n<p>Die ersten Vorrecherchen f\u00fcr HEFEZEIT wurden unterst\u00fctzt durch ein <a href=\"https:\/\/www.adk.de\/de\/akademie\/preise-stiftungen\/initial\/2021.htm\" data-type=\"URL\" data-id=\"https:\/\/www.adk.de\/de\/akademie\/preise-stiftungen\/initial\/2021.htm\" target=\"_blank\" rel=\"noreferrer noopener\"><strong>INITIAL-Stipendium<\/strong><\/a> der Akademie der K\u00fcnste!<\/p>\n","protected":false},"excerpt":{"rendered":"<p>F\u00fcr die Entwicklung des Kinodokumentarfilms HEFEZEIT erhalte ich ein Gerd Ruge Stipendium der Film- und Medienstiftung NRW. Herzlichen Dank an Petra M\u00fcller, Susanna Felgener, Elyssa Schneebauer, an die Jury &#8211; und an Elisabeth Ruge und Boris Ruge! Die ersten Vorrecherchen f\u00fcr HEFEZEIT wurden unterst\u00fctzt durch ein INITIAL-Stipendium der Akademie der K\u00fcnste!<\/p>\n","protected":false},"author":1,"featured_media":0,"comment_status":"closed","ping_status":"open","sticky":false,"template":"","format":"standard","meta":{"footnotes":""},"categories":[1,28],"tags":[29],"class_list":["post-50261","post","type-post","status-publish","format-standard","hentry","category-allgemein","category-hefezeit","tag-dokumentarfilm"],"_links":{"self":[{"href":"https:\/\/blog.mariamohr.de\/index.php?rest_route=\/wp\/v2\/posts\/50261","targetHints":{"allow":["GET"]}}],"collection":[{"href":"https:\/\/blog.mariamohr.de\/index.php?rest_route=\/wp\/v2\/posts"}],"about":[{"href":"https:\/\/blog.mariamohr.de\/index.php?rest_route=\/wp\/v2\/types\/post"}],"author":[{"embeddable":true,"href":"https:\/\/blog.mariamohr.de\/index.php?rest_route=\/wp\/v2\/users\/1"}],"replies":[{"embeddable":true,"href":"https:\/\/blog.mariamohr.de\/index.php?rest_route=%2Fwp%2Fv2%2Fcomments&post=50261"}],"version-history":[{"count":5,"href":"https:\/\/blog.mariamohr.de\/index.php?rest_route=\/wp\/v2\/posts\/50261\/revisions"}],"predecessor-version":[{"id":50267,"href":"https:\/\/blog.mariamohr.de\/index.php?rest_route=\/wp\/v2\/posts\/50261\/revisions\/50267"}],"wp:attachment":[{"href":"https:\/\/blog.mariamohr.de\/index.php?rest_route=%2Fwp%2Fv2%2Fmedia&parent=50261"}],"wp:term":[{"taxonomy":"category","embeddable":true,"href":"https:\/\/blog.mariamohr.de\/index.php?rest_route=%2Fwp%2Fv2%2Fcategories&post=50261"},{"taxonomy":"post_tag","embeddable":true,"href":"https:\/\/blog.mariamohr.de\/index.php?rest_route=%2Fwp%2Fv2%2Ftags&post=50261"}],"curies":[{"name":"wp","href":"https:\/\/api.w.org\/{rel}","templated":true}]}}