{"id":1306,"date":"2016-10-22T11:04:45","date_gmt":"2016-10-22T11:04:45","guid":{"rendered":"http:\/\/blog.mariamohr.de\/?p=1306"},"modified":"2016-10-22T11:04:45","modified_gmt":"2016-10-22T11:04:45","slug":"27-30-10-2016-aufbruch-der-autorinnen-ii-zeughauskino-berlin","status":"publish","type":"post","link":"https:\/\/blog.mariamohr.de\/?p=1306","title":{"rendered":"27.-30.10.2016: AUFBRUCH DER AUTORINNEN II   @ Zeughauskino Berlin"},"content":{"rendered":"<p><a href=\"http:\/\/blog.mariamohr.de\/?attachment_id=1311\" rel=\"attachment wp-att-1311\"><img loading=\"lazy\" decoding=\"async\" src=\"http:\/\/blog.mariamohr.de\/wp-content\/uploads\/2016\/10\/AdA1027Nattlek.jpg\" alt=\"ada1027nattlek\" width=\"450\" height=\"300\" class=\"alignleft size-full wp-image-1311\" srcset=\"https:\/\/blog.mariamohr.de\/wp-content\/uploads\/2016\/10\/AdA1027Nattlek.jpg 450w, https:\/\/blog.mariamohr.de\/wp-content\/uploads\/2016\/10\/AdA1027Nattlek-300x200.jpg 300w\" sizes=\"auto, (max-width: 450px) 100vw, 450px\" \/><\/a><br \/>\nNattlek (S 1966), Film von Mai Zetterling &#8211; Do, 27.10. und So, 30.10.2016<\/p>\n<p>27.-30.10.2016 <a href=\"http:\/\/www.aufbruch-der-autorinnen.eu\/Projekt\/\" target=\"_blank\">AUFBRUCH DER AUTORINNEN II<\/a> im <a href=\"https:\/\/www.dhm.de\/zeughauskino\" target=\"_blank\">Zeughauskino<\/a><\/p>\n<p>Auswahl aus dem <a href=\"http:\/\/www.aufbruch-der-autorinnen.eu\/aktuell\/\" target=\"_blank\">Programm<\/a>:<\/p>\n<p>Er\u00f6ffnung der Reihe:<br \/>\n<a href=\"http:\/\/www.dhm.de\/kalender\/terminansicht.html?tx_cal_controller%5Bview%5D=event&#038;tx_cal_controller%5Btype%5D=tx_cal_phpicalendar&#038;tx_cal_controller%5Buid%5D=2871&#038;tx_cal_controller%5Blastview%5D=view-list%7Cpage_id-886%7Coffset-1&#038;tx_cal_controller%5Byear%5D=2016&#038;tx_cal_controller%5Bmonth%5D=10&#038;tx_cal_controller%5Bday%5D=27&#038;cHash=7bffe007ccd753b1177737d993bf73c5\" target=\"_blank\">Do, 27.10.2016, 19h<\/a><br \/>\nNattlek (S 1966) von Mai Zetterling<br \/>\nAnschlie\u00dfend Diskussion anl\u00e4sslich des Welttags des Audiovisuellen Erbes mit <a href=\"http:\/\/www.kinothek-asta-nielsen.de\/\" target=\"_blank\">Karola Gramann<\/a> und <a href=\"http:\/\/www.proquote-regie.de\/barbara-teufel\/\" target=\"_blank\">Barbara Teufel<\/a><\/p>\n<p><a href=\"https:\/\/www.dhm.de\/nc\/zeughauskino\/kalender\/terminansicht-zeughauskino.html?tx_cal_controller%5Bview%5D=event&#038;tx_cal_controller%5Btype%5D=tx_cal_phpicalendar&#038;tx_cal_controller%5Buid%5D=2885&#038;tx_cal_controller%5Blastview%5D=view-list%7Cpage_id-408&#038;tx_cal_controller%5Byear%5D=2016&#038;tx_cal_controller%5Bmonth%5D=10&#038;tx_cal_controller%5Bday%5D=29&#038;cHash=584129f092a95a022440cee30f1dc326\" target=\"_blank\">Sa, 29.10.2016, 20h<\/a>:<br \/>\nLe Bonheur (F 1964) von Agn\u00e8s Varda<br \/>\nEinf\u00fchrung: Maria Mohr<\/p>\n<p><a href=\"http:\/\/www.dhm.de\/de\/kalender\/terminansicht.html?tx_cal_controller%5Btype%5D=tx_cal_phpicalendar&#038;tx_cal_controller%5Buid%5D=2889&#038;tx_cal_controller%5Blastview%5D=view-list%7Cpage_id-23487%7C%7Cview-list%7Cpage_id-884%7C%7Cview-list%7Cpage_id-884%7C%7Cview-month%7Cpage_id-884%7C%7Cview-day%7Cpage_id-882&#038;tx_cal_controller%5Bview%5D=event&#038;tx_cal_controller%5Byear%5D=2016&#038;tx_cal_controller%5Bmonth%5D=10&#038;tx_cal_controller%5Bday%5D=30&#038;cHash=d68c60f1b0561af214ba7097fb6f4a4c\" target=\"_blank\">So, 30.10., 14h30<\/a>:<br \/>\nIstenmezeje, ein ungarisches Dorf 1972-73 (H 1973) von Judit Elek<br \/>\nEinf\u00fchrung: Sabine Sch\u00f6bel<br \/>\nBuchvorstellung 68. Ausgabe der Zeitschrift Frauen und Film &#8211; AUFBRUCH. Regisseurinnen der 60er: Borjana Gakovic, <a href=\"http:\/\/www.nachdemfilm.de\/content\/heide-schl%C3%BCpmann\" target=\"_blank\">Heide Schl\u00fcpmann<\/a><\/p>\n<p><a href=\"https:\/\/www.dhm.de\/nc\/zeughauskino\/kalender\/terminansicht-zeughauskino.html?tx_cal_controller%5Btype%5D=tx_cal_phpicalendar&#038;tx_cal_controller%5Buid%5D=2893&#038;tx_cal_controller%5Blastview%5D=view-list%7Cpage_id-408%7C%7Cview-month%7Cpage_id-1089%7C%7Cview-day%7Cpage_id-1088%7C%7Cview-list%7Cpage_id-1089%7C%7Cview-month%7Cpage_id-1089%7C%7Cview-day%7Cpage_id-1088&#038;tx_cal_controller%5Bview%5D=event&#038;tx_cal_controller%5Byear%5D=2016&#038;tx_cal_controller%5Bmonth%5D=10&#038;tx_cal_controller%5Bday%5D=30&#038;cHash=eb30497b5d196d3913ae03d7e4124b24\" target=\"_blank\">So, 30.10.16, 18h<\/a><br \/>\nAbschluss-Diskussion mit Vertreterinnen von <a href=\"http:\/\/www.proquote-regie.de\/\" target=\"_blank\">Pro Quote Regie<\/a> (Tatjana Turanskyj, Barbara Teufel und Maria Mohr)<br \/>\ndanach, um 19h noch einmal Gelegenheit, <a href=\"https:\/\/www.dhm.de\/zeughauskino\/kalender\/tagesansicht-zeughauskino.html?tx_cal_controller%5Btype%5D=tx_cal_phpicalendar&#038;tx_cal_controller%5Buid%5D=2893&#038;tx_cal_controller%5Blastview%5D=view-list%7Cpage_id-408%7C%7Cview-month%7Cpage_id-1089%7C%7Cview-day%7Cpage_id-1088%7C%7Cview-list%7Cpage_id-1089%7C%7Cview-month%7Cpage_id-1089%7C%7Cview-day%7Cpage_id-1088%7C%7Cview-month%7Cpage_id-1089&#038;tx_cal_controller%5Byear%5D=2016&#038;tx_cal_controller%5Bmonth%5D=10&#038;tx_cal_controller%5Bday%5D=30&#038;cHash=9b92817506fe06542a77f473cb88793c\" target=\"_blank\">Nattlek<\/a> zu sehen!<\/p>\n<p>Die Reihe ist kuratiert von Dr. Sabine Sch\u00f6bel.<br \/>\nHier zum <a href=\"http:\/\/www.aufbruch-der-autorinnen.eu\/aktuell\/\" target=\"_blank\">VOLLST\u00c4NDIGEN PROGRAMM<\/a><br \/>\nund zur <a href=\"http:\/\/www.aufbruch-der-autorinnen.eu\/Projekt\/\" target=\"_blank\">PRESSEMITTEILUNG<\/a><\/p>\n<p><a href=\"http:\/\/blog.mariamohr.de\/?attachment_id=1316\"><img loading=\"lazy\" decoding=\"async\" src=\"http:\/\/blog.mariamohr.de\/wp-content\/uploads\/2016\/10\/LeBonheur_Varda_k.jpg\" alt=\"lebonheur_varda_k\" width=\"450\" height=\"611\" class=\"alignleft size-full wp-image-1318\" srcset=\"https:\/\/blog.mariamohr.de\/wp-content\/uploads\/2016\/10\/LeBonheur_Varda_k.jpg 450w, https:\/\/blog.mariamohr.de\/wp-content\/uploads\/2016\/10\/LeBonheur_Varda_k-221x300.jpg 221w\" sizes=\"auto, (max-width: 450px) 100vw, 450px\" \/><\/a><br \/>\nLe Bonheur (F 1964), Film von Agn\u00e8s Varda &#8211; Sa, 29.10.2016<\/p>\n","protected":false},"excerpt":{"rendered":"<p>Nattlek (S 1966), Film von Mai Zetterling &#8211; Do, 27.10. und So, 30.10.2016 27.-30.10.2016 AUFBRUCH DER AUTORINNEN II im Zeughauskino Auswahl aus dem Programm: Er\u00f6ffnung der Reihe: Do, 27.10.2016, 19h Nattlek (S 1966) von Mai Zetterling Anschlie\u00dfend Diskussion anl\u00e4sslich des Welttags des Audiovisuellen Erbes mit Karola Gramann und Barbara Teufel Sa, 29.10.2016, 20h: Le Bonheur [&hellip;]<\/p>\n","protected":false},"author":1,"featured_media":0,"comment_status":"closed","ping_status":"open","sticky":false,"template":"","format":"standard","meta":{"footnotes":""},"categories":[1,18,11,16],"tags":[],"class_list":["post-1306","post","type-post","status-publish","format-standard","hentry","category-allgemein","category-filmpolitisches","category-podium","category-pro-quote-regie"],"_links":{"self":[{"href":"https:\/\/blog.mariamohr.de\/index.php?rest_route=\/wp\/v2\/posts\/1306","targetHints":{"allow":["GET"]}}],"collection":[{"href":"https:\/\/blog.mariamohr.de\/index.php?rest_route=\/wp\/v2\/posts"}],"about":[{"href":"https:\/\/blog.mariamohr.de\/index.php?rest_route=\/wp\/v2\/types\/post"}],"author":[{"embeddable":true,"href":"https:\/\/blog.mariamohr.de\/index.php?rest_route=\/wp\/v2\/users\/1"}],"replies":[{"embeddable":true,"href":"https:\/\/blog.mariamohr.de\/index.php?rest_route=%2Fwp%2Fv2%2Fcomments&post=1306"}],"version-history":[{"count":27,"href":"https:\/\/blog.mariamohr.de\/index.php?rest_route=\/wp\/v2\/posts\/1306\/revisions"}],"predecessor-version":[{"id":1336,"href":"https:\/\/blog.mariamohr.de\/index.php?rest_route=\/wp\/v2\/posts\/1306\/revisions\/1336"}],"wp:attachment":[{"href":"https:\/\/blog.mariamohr.de\/index.php?rest_route=%2Fwp%2Fv2%2Fmedia&parent=1306"}],"wp:term":[{"taxonomy":"category","embeddable":true,"href":"https:\/\/blog.mariamohr.de\/index.php?rest_route=%2Fwp%2Fv2%2Fcategories&post=1306"},{"taxonomy":"post_tag","embeddable":true,"href":"https:\/\/blog.mariamohr.de\/index.php?rest_route=%2Fwp%2Fv2%2Ftags&post=1306"}],"curies":[{"name":"wp","href":"https:\/\/api.w.org\/{rel}","templated":true}]}}