{"id":1283,"date":"2016-05-07T22:04:39","date_gmt":"2016-05-07T22:04:39","guid":{"rendered":"http:\/\/blog.mariamohr.de\/?p=1283"},"modified":"2016-05-09T06:59:41","modified_gmt":"2016-05-09T06:59:41","slug":"08-05-2016-pqr-dok-fest-muenchen","status":"publish","type":"post","link":"https:\/\/blog.mariamohr.de\/?p=1283","title":{"rendered":"08.05.2016 PQR @ DOK.fest M\u00fcnchen"},"content":{"rendered":"<p>Sonntag, 08.05.2016 &#8211; 16:00<br \/>\nHFF M\u00fcnchen &#8211; Audimaxx<\/p>\n<p><a href=\"https:\/\/www.dokfest-muenchen.de\/events\/view\/2423?lang=de\" target=about blank><img loading=\"lazy\" decoding=\"async\" src=\"http:\/\/blog.mariamohr.de\/wp-content\/uploads\/2016\/05\/ProQuote-Regie.jpg\" alt=\"ProQuote-Regie\" width=\"450\" height=\"253\" class=\"alignleft size-full wp-image-1284\" srcset=\"https:\/\/blog.mariamohr.de\/wp-content\/uploads\/2016\/05\/ProQuote-Regie.jpg 450w, https:\/\/blog.mariamohr.de\/wp-content\/uploads\/2016\/05\/ProQuote-Regie-300x169.jpg 300w\" sizes=\"auto, (max-width: 450px) 100vw, 450px\" \/><\/a><\/p>\n<p>Was wir wissen:<\/p>\n<p>Die Zahlen sprechen auch in der Dokumen\u00adtar\u00adfilmbranche eine konkrete Sprache. Regisseurinnen sind vor allem bei mittellangen Formaten wie z.B. 37 Grad (ZDF) oder Lebenslinien (BR), bei denen die Budgets geringer sind, vertreten. Formate mit h\u00f6heren Budgets wie z.B. Terra X werden weiterhin von den m\u00e4nnlichen Kollegen dominiert. Auch im Bereich Kinodoku\u00admen\u00adtarfilm ist der Anteil der Regisseurinnen mit zuletzt 31% weit entfernt von einer geschlechtergerechten Verteilung.<\/p>\n<p>Nicht die Quote im Kreativberuf Regie steht zur Debatte, wohl aber die Strategien zu ihrer Umsetzung. Zeit f\u00fcr konkrete Ma\u00dfnahmen \u2013 angefangen mit der parit\u00e4tischen Besetzung von Vergabegremien in Fernsehsendern und F\u00f6rderungsinstitutionen und der besonderen Ber\u00fccksichtigung von Einreichungen weiblicher Regisseure.<\/p>\n<p>Begr\u00fc\u00dfung:<br \/>\nProf. Bettina Reitz, HFF-Pr\u00e4sidentin<br \/>\nDaniel Sponsel, Festivalleiter DOK.fest M\u00fcnchen<br \/>\nKeynote: Imogen Kimmel (Pro Quote Regie), Margr\u00e9t R\u00fan (Pro Quote Regie)<br \/>\n<a href=\"https:\/\/vimeo.com\/165714807\" target=\"_blank\">Videobotschaft aus Kairo<\/a>: <a href=\"http:\/\/www.mariamohr.de\" target=\"_blank\">Maria Mohr<\/a><br \/>\nDoris Metz stellt die k\u00fcrzlich gegr\u00fcndete Pro Quote DOK vor<\/p>\n<p>Podium:<br \/>\nDr. Prisca Brosi, Lehrstuhl f\u00fcr Strategie und Organisation TU<br \/>\nPetra Felber, Redaktionsleiterin Dokumentarfilm, BR<br \/>\nIngo Fliess, Produzent if&#8230;Productions, Vertrieb DocCollection<br \/>\nTanja Krainh\u00f6fer, Strategieberaterin und angewandte Medienforscherin<br \/>\nDr. Klaus Sch\u00e4fer, Gesch\u00e4ftsf\u00fchrer FFF Bayern<\/p>\n<p>Moderation:<br \/>\nDokumentarfilmregisseurin Elisabeth Mayer, Pro Quote DOK<\/p>\n<p>ca. 90 Minuten<\/p>\n<p>Eine Veranstaltung von <a href=\"http:\/\/www.proquote-regie.de\" target=\"_blank\">Pro Quote Regie<\/a><\/p>\n","protected":false},"excerpt":{"rendered":"<p>Sonntag, 08.05.2016 &#8211; 16:00 HFF M\u00fcnchen &#8211; Audimaxx Was wir wissen: Die Zahlen sprechen auch in der Dokumen\u00adtar\u00adfilmbranche eine konkrete Sprache. Regisseurinnen sind vor allem bei mittellangen Formaten wie z.B. 37 Grad (ZDF) oder Lebenslinien (BR), bei denen die Budgets geringer sind, vertreten. Formate mit h\u00f6heren Budgets wie z.B. Terra X werden weiterhin von den [&hellip;]<\/p>\n","protected":false},"author":1,"featured_media":0,"comment_status":"closed","ping_status":"open","sticky":false,"template":"","format":"standard","meta":{"footnotes":""},"categories":[19,1,20,5,18,10,15,11,16],"tags":[],"class_list":["post-1283","post","type-post","status-publish","format-standard","hentry","category-ag-dok","category-allgemein","category-cairo","category-dokumentation","category-filmpolitisches","category-montage","category-performance","category-podium","category-pro-quote-regie"],"_links":{"self":[{"href":"https:\/\/blog.mariamohr.de\/index.php?rest_route=\/wp\/v2\/posts\/1283","targetHints":{"allow":["GET"]}}],"collection":[{"href":"https:\/\/blog.mariamohr.de\/index.php?rest_route=\/wp\/v2\/posts"}],"about":[{"href":"https:\/\/blog.mariamohr.de\/index.php?rest_route=\/wp\/v2\/types\/post"}],"author":[{"embeddable":true,"href":"https:\/\/blog.mariamohr.de\/index.php?rest_route=\/wp\/v2\/users\/1"}],"replies":[{"embeddable":true,"href":"https:\/\/blog.mariamohr.de\/index.php?rest_route=%2Fwp%2Fv2%2Fcomments&post=1283"}],"version-history":[{"count":7,"href":"https:\/\/blog.mariamohr.de\/index.php?rest_route=\/wp\/v2\/posts\/1283\/revisions"}],"predecessor-version":[{"id":1293,"href":"https:\/\/blog.mariamohr.de\/index.php?rest_route=\/wp\/v2\/posts\/1283\/revisions\/1293"}],"wp:attachment":[{"href":"https:\/\/blog.mariamohr.de\/index.php?rest_route=%2Fwp%2Fv2%2Fmedia&parent=1283"}],"wp:term":[{"taxonomy":"category","embeddable":true,"href":"https:\/\/blog.mariamohr.de\/index.php?rest_route=%2Fwp%2Fv2%2Fcategories&post=1283"},{"taxonomy":"post_tag","embeddable":true,"href":"https:\/\/blog.mariamohr.de\/index.php?rest_route=%2Fwp%2Fv2%2Ftags&post=1283"}],"curies":[{"name":"wp","href":"https:\/\/api.w.org\/{rel}","templated":true}]}}