{"id":1214,"date":"2015-11-08T11:20:17","date_gmt":"2015-11-08T11:20:17","guid":{"rendered":"http:\/\/blog.mariamohr.de\/?p=1214"},"modified":"2021-05-07T13:34:09","modified_gmt":"2021-05-07T11:34:09","slug":"11-11-15-fuer-pro-quote-regie-in-den-ausschuss-fuer-kultur-und-medien-des-bundestages","status":"publish","type":"post","link":"https:\/\/blog.mariamohr.de\/?p=1214","title":{"rendered":"11.11.15: f\u00fcr PRO QUOTE REGIE in den Ausschuss f\u00fcr Kultur und Medien des Bundestages"},"content":{"rendered":"<p><a title=\"bis 9.11. anmelden!\" href=\"http:\/\/www.bundestag.de\/presse\/pressemitteilungen\/2015\/neuer-inhalt\/394290\" target=\"_blank\" rel=\"noopener noreferrer\">\u00d6ffentliche Sitzung des Ausschusses f\u00fcr Kultur und Medien<\/a><br \/>\nZeit: Mittwoch, 11. November 2015, 14.30 Uhr<br \/>\nOrt: Paul-L\u00f6be-Haus, Sitzungssaal E 300<\/p>\n<p>\u00d6ffentliche Anh\u00f6rung zum<br \/>\nAntrag der Abgeordneten <a href=\"http:\/\/ulle-schauws.de\/\" target=\"_blank\" rel=\"noopener noreferrer\">Ulle Schauws<\/a>, <a href=\"http:\/\/tabea-roessner.de\/\" target=\"_blank\" rel=\"noopener noreferrer\">Tabea R\u00f6\u00dfner<\/a>, <a href=\"http:\/\/katja-doerner.de\/\" target=\"_blank\" rel=\"noopener noreferrer\">Katja D\u00f6rner<\/a>, weiterer Abgeordneter und der Fraktion B\u00dcNDNIS 90\/DIE GR\u00dcNEN<\/p>\n<p>GRUNDLAGEN F\u00dcR GLEICHSTELLUNG IM KULTURBETRIEB SCHAFFEN<br \/>\nBT-Drucksache <a href=\"http:\/\/dip21.bundestag.de\/dip21\/btd\/18\/028\/1802881.pdf\" target=\"_blank\" rel=\"noopener noreferrer\">18\/2881<\/a><\/p>\n<p>Die Sachverst\u00e4ndigen:<\/p>\n<p><a href=\"https:\/\/de.wikipedia.org\/wiki\/Adrienne_Goehler\" target=\"_blank\" rel=\"noopener noreferrer\">Adrienne Goehler<\/a>, Freie Publizistin und Kuratorin, Senatorin f\u00fcr Wissenschaft, Forschung und Kultur a. D.<br \/>\nDr. Valeska Henze, <a href=\"http:\/\/www.buecherfrauen.de\/\" target=\"_blank\" rel=\"noopener noreferrer\">B\u00fccherFrauen e.V.<\/a>, 1. Vorsitzende des Vorstandes<br \/>\n<a href=\"http:\/\/www.mariamohr.de\" target=\"_blank\" rel=\"noopener noreferrer\">Maria Mohr<\/a>, <a href=\"http:\/\/www.proquote-regie.de\" target=\"_blank\" rel=\"noopener noreferrer\">Pro Quote Regie e.V.<\/a>, Mitglied des Vorstandes<br \/>\nGabriele Schulz, <a href=\"http:\/\/www.frauenrat.de\" target=\"_blank\" rel=\"noopener noreferrer\">Deutscher Kulturrat e.V.<\/a>, stellvertretende Gesch\u00e4ftsf\u00fchrerin<br \/>\nUrsula Thei\u00dfen, <a href=\"http:\/\/www.frauenkulturbuero-nrw.de\/\" target=\"_blank\" rel=\"noopener noreferrer\">Frauenkulturb\u00fcro NRW<\/a> e.V., Gesch\u00e4ftsf\u00fchrerin<br \/>\nJutta Troost, <a href=\"http:\/\/www.staedtetag.de\/\" target=\"_blank\" rel=\"noopener noreferrer\">Deutscher St\u00e4dtetag<\/a>, Referentin f\u00fcr Gleichstellungsangelegenheiten<br \/>\nDr. Irene Vorholz, <a href=\"http:\/\/www.landkreistag.de\" target=\"_blank\" rel=\"noopener noreferrer\">Deutscher Landkreistag<\/a>, Beigeordnete f\u00fcr Soziales und Arbeit<\/p>\n<p>G\u00e4ste der Anh\u00f6rung werden gebeten, sich bis zum 9. November 2015 beim Ausschusssekretariat mit vollst\u00e4ndigem Namen und Geburtsdatum unter \u201ekulturausschuss@bundestag.de\u201c anzumelden.<\/p>\n<p>Die Aufzeichnung der Sitzung durch das Parlamentsfernsehen steht ca. ab 18 Uhr unter \u201e<a href=\"https:\/\/www.bundestag.de\/dokumente\/textarchiv\/2015\/kw46-pa-kultur-medien-394488\" target=\"_blank\" rel=\"noopener noreferrer\">http:\/\/www.bundestag.de\/mediathek<\/a>\u201c zur Verf\u00fcgung.<\/p>\n","protected":false},"excerpt":{"rendered":"<p>\u00d6ffentliche Sitzung des Ausschusses f\u00fcr Kultur und Medien Zeit: Mittwoch, 11. November 2015, 14.30 Uhr Ort: Paul-L\u00f6be-Haus, Sitzungssaal E 300 \u00d6ffentliche Anh\u00f6rung zum Antrag der Abgeordneten Ulle Schauws, Tabea R\u00f6\u00dfner, Katja D\u00f6rner, weiterer Abgeordneter und der Fraktion B\u00dcNDNIS 90\/DIE GR\u00dcNEN GRUNDLAGEN F\u00dcR GLEICHSTELLUNG IM KULTURBETRIEB SCHAFFEN BT-Drucksache 18\/2881 Die Sachverst\u00e4ndigen: Adrienne Goehler, Freie Publizistin und [&hellip;]<\/p>\n","protected":false},"author":1,"featured_media":0,"comment_status":"closed","ping_status":"open","sticky":false,"template":"","format":"standard","meta":{"footnotes":""},"categories":[1,18,11,16],"tags":[],"class_list":["post-1214","post","type-post","status-publish","format-standard","hentry","category-allgemein","category-filmpolitisches","category-podium","category-pro-quote-regie"],"_links":{"self":[{"href":"https:\/\/blog.mariamohr.de\/index.php?rest_route=\/wp\/v2\/posts\/1214","targetHints":{"allow":["GET"]}}],"collection":[{"href":"https:\/\/blog.mariamohr.de\/index.php?rest_route=\/wp\/v2\/posts"}],"about":[{"href":"https:\/\/blog.mariamohr.de\/index.php?rest_route=\/wp\/v2\/types\/post"}],"author":[{"embeddable":true,"href":"https:\/\/blog.mariamohr.de\/index.php?rest_route=\/wp\/v2\/users\/1"}],"replies":[{"embeddable":true,"href":"https:\/\/blog.mariamohr.de\/index.php?rest_route=%2Fwp%2Fv2%2Fcomments&post=1214"}],"version-history":[{"count":4,"href":"https:\/\/blog.mariamohr.de\/index.php?rest_route=\/wp\/v2\/posts\/1214\/revisions"}],"predecessor-version":[{"id":27596,"href":"https:\/\/blog.mariamohr.de\/index.php?rest_route=\/wp\/v2\/posts\/1214\/revisions\/27596"}],"wp:attachment":[{"href":"https:\/\/blog.mariamohr.de\/index.php?rest_route=%2Fwp%2Fv2%2Fmedia&parent=1214"}],"wp:term":[{"taxonomy":"category","embeddable":true,"href":"https:\/\/blog.mariamohr.de\/index.php?rest_route=%2Fwp%2Fv2%2Fcategories&post=1214"},{"taxonomy":"post_tag","embeddable":true,"href":"https:\/\/blog.mariamohr.de\/index.php?rest_route=%2Fwp%2Fv2%2Ftags&post=1214"}],"curies":[{"name":"wp","href":"https:\/\/api.w.org\/{rel}","templated":true}]}}