{"id":1149,"date":"2015-08-20T08:24:40","date_gmt":"2015-08-20T08:24:40","guid":{"rendered":"http:\/\/blog.mariamohr.de\/?p=1149"},"modified":"2015-08-20T08:24:40","modified_gmt":"2015-08-20T08:24:40","slug":"aufruf-zu-einer-notwendigen-debatte-ueber-die-qualitaet-des-deutschen-films","status":"publish","type":"post","link":"https:\/\/blog.mariamohr.de\/?p=1149","title":{"rendered":"&#8222;aufruf zu einer notwendigen debatte \u00fcber die qualit\u00e4t des deutschen films&#8220;"},"content":{"rendered":"<p><a href=\"http:\/\/blog.mariamohr.de\/wp-content\/uploads\/2015\/08\/logo_adk.jpg\"><img loading=\"lazy\" decoding=\"async\" src=\"http:\/\/blog.mariamohr.de\/wp-content\/uploads\/2015\/08\/logo_adk.jpg\" alt=\"logo_adk\" width=\"258\" height=\"50\" class=\"alignleft size-full wp-image-1150\" \/><\/a><\/p>\n<p><a href=\"http:\/\/blog.mariamohr.de\/wp-content\/uploads\/2015\/08\/logo_filmkritik.jpg\"><img loading=\"lazy\" decoding=\"async\" src=\"http:\/\/blog.mariamohr.de\/wp-content\/uploads\/2015\/08\/logo_filmkritik.jpg\" alt=\"logo_filmkritik\" width=\"220\" height=\"51\" class=\"alignleft size-full wp-image-1151\" \/><\/a><\/p>\n<p>alle filmschaffenden sind aufgerufen, sich an der diskussion zu beteiligen<br \/>\nund bis 10. september folgende fragen zu beantworten:<\/p>\n<p>&#8222;Nach welchen Kriterien wollen wir Filme bewerten?<br \/>\nNach welchen Kriterien entscheidet das Publikum?<br \/>\nHat die Kritik einen anderen Zugang zur siebten Kunst?<br \/>\nWas verstehen Produzent*innen, Regisseur*innen, Autor*innen, Cutter*innen, Schauspieler*innen, Kameraleute unter einem guten Film?<\/p>\n<p>WIE L\u00c4SST SICH QUALIT\u00c4T BEI EINEM FILM ERKENNEN?<\/p>\n<p>Wir m\u00fcssen davon ausgehen, dass es keinen einheitlichen Qualit\u00e4tsbegriff gibt.  Das Kino lebt von den unterschiedlichen Positionen seiner Hersteller. Widerspr\u00fcchliche Kriterien machen seinen Reiz aus.<\/p>\n<p>Und trotzdem wollen wir die Frage stellen:<\/p>\n<p>WAS MACHT DIE QUALIT\u00c4T EINES FILMES AUS?<\/p>\n<p>Bitte nehmen Sie sich die Zeit, diese Frage bis zum 10. September auf h\u00f6chstens einer halben Seite aus ihrer Sicht zu beantworten und schicken Sie sie an die Akademie der K\u00fcnste, Ulrike Roesen: <a href=\"mailto:roesen@adk.de\">roesen@adk.de<\/a><\/p>\n<p>Die Akademie der K\u00fcnste und der Verband der deutschen Filmkritik wollen f\u00fcr November zu einer Veranstaltung einladen, in der diese Frage diskutiert werden soll. Die Auswertung der Antworten wird die Basis des \u00f6ffentlichen Gespr\u00e4chs sein.<\/p>\n<p>Wir m\u00fcssen das Bewusstsein f\u00fcr Qualit\u00e4t sch\u00e4rfen.<br \/>\nVielleicht kann es auch f\u00fcr F\u00f6rdergremien hilfreich sein bei der Vergabe \u00f6ffentlicher Gelder.<\/p>\n<p>Wir sind gespannt auf Ihre Antworten.<\/p>\n<p>Jutta Br\u00fcckner, Fr\u00e9d\u00e9ric Jaeger, Claudia Lenssen, Wilfried Reichart, Bettina Schoeller<br \/>\nJuli 2015&#8243;<\/p>\n<p>hier der <a href=\"http:\/\/www.adk.de\/de\/akademie\/sektionen\/film-medien-kunst\/news.htm?we_objectID=46962\">link zum aufruf<\/a> auf der seite der <a href=\"http:\/\/www.adk.de\/de\/akademie\/sektionen\/film-medien-kunst\/news.html\">akademie der k\u00fcnste<\/a><\/p>\n","protected":false},"excerpt":{"rendered":"<p>alle filmschaffenden sind aufgerufen, sich an der diskussion zu beteiligen und bis 10. september folgende fragen zu beantworten: &#8222;Nach welchen Kriterien wollen wir Filme bewerten? Nach welchen Kriterien entscheidet das Publikum? Hat die Kritik einen anderen Zugang zur siebten Kunst? Was verstehen Produzent*innen, Regisseur*innen, Autor*innen, Cutter*innen, Schauspieler*innen, Kameraleute unter einem guten Film? WIE L\u00c4SST SICH [&hellip;]<\/p>\n","protected":false},"author":1,"featured_media":0,"comment_status":"closed","ping_status":"open","sticky":false,"template":"","format":"standard","meta":{"footnotes":""},"categories":[1,18,11,16],"tags":[],"class_list":["post-1149","post","type-post","status-publish","format-standard","hentry","category-allgemein","category-filmpolitisches","category-podium","category-pro-quote-regie"],"_links":{"self":[{"href":"https:\/\/blog.mariamohr.de\/index.php?rest_route=\/wp\/v2\/posts\/1149","targetHints":{"allow":["GET"]}}],"collection":[{"href":"https:\/\/blog.mariamohr.de\/index.php?rest_route=\/wp\/v2\/posts"}],"about":[{"href":"https:\/\/blog.mariamohr.de\/index.php?rest_route=\/wp\/v2\/types\/post"}],"author":[{"embeddable":true,"href":"https:\/\/blog.mariamohr.de\/index.php?rest_route=\/wp\/v2\/users\/1"}],"replies":[{"embeddable":true,"href":"https:\/\/blog.mariamohr.de\/index.php?rest_route=%2Fwp%2Fv2%2Fcomments&post=1149"}],"version-history":[{"count":3,"href":"https:\/\/blog.mariamohr.de\/index.php?rest_route=\/wp\/v2\/posts\/1149\/revisions"}],"predecessor-version":[{"id":1154,"href":"https:\/\/blog.mariamohr.de\/index.php?rest_route=\/wp\/v2\/posts\/1149\/revisions\/1154"}],"wp:attachment":[{"href":"https:\/\/blog.mariamohr.de\/index.php?rest_route=%2Fwp%2Fv2%2Fmedia&parent=1149"}],"wp:term":[{"taxonomy":"category","embeddable":true,"href":"https:\/\/blog.mariamohr.de\/index.php?rest_route=%2Fwp%2Fv2%2Fcategories&post=1149"},{"taxonomy":"post_tag","embeddable":true,"href":"https:\/\/blog.mariamohr.de\/index.php?rest_route=%2Fwp%2Fv2%2Ftags&post=1149"}],"curies":[{"name":"wp","href":"https:\/\/api.w.org\/{rel}","templated":true}]}}