{"id":11,"date":"2007-05-04T16:12:29","date_gmt":"2007-05-04T14:12:29","guid":{"rendered":"http:\/\/blog.mariamohr.de\/?p=11"},"modified":"2009-11-01T20:55:10","modified_gmt":"2009-11-01T19:55:10","slug":"ecuador","status":"publish","type":"post","link":"https:\/\/blog.mariamohr.de\/?p=11","title":{"rendered":"ecuador"},"content":{"rendered":"<p>im april war <a href=\"http:\/\/www.ambulart.com\/programa8d.html\">ambulart<\/a> in ecuador, in quito &amp; guayaquil<br \/>\nmit <a href=\"http:\/\/www.darioaguirre.com\/\">dar\u00edo<\/a> leitete ich den workshop &#8222;cu\u00e9nta me la historia de tu vecino\/a&#8220;<br \/>\nund zeigte deutsche kurzfilme, kuratiert in zusammenarbeit mit der <a href=\"http:\/\/www.ag-kurzfilm.de\">ag kurzfilm<\/a><br \/>\nau\u00dferdem gabs &#8222;lecci\u00f3nes de c\u00edne&#8220; in beiden st\u00e4dten<br \/>\ncousin cousine war auch dabei<\/p>\n<p><a href=\"http:\/\/blog.mariamohr.de\/wp-content\/uploads\/2007\/07\/07_4_maaccine.jpg\" title=\"07_4_maaccine.jpg\"><img loading=\"lazy\" decoding=\"async\" src=\"http:\/\/blog.mariamohr.de\/wp-content\/uploads\/2007\/07\/07_4_maaccine.jpg\" alt=\"07_4_maaccine.jpg\" height=\"273\" width=\"409\" \/><\/a><\/p>\n","protected":false},"excerpt":{"rendered":"<p>im april war ambulart in ecuador, in quito &amp; guayaquil mit dar\u00edo leitete ich den workshop &#8222;cu\u00e9nta me la historia de tu vecino\/a&#8220; und zeigte deutsche kurzfilme, kuratiert in zusammenarbeit mit der ag kurzfilm au\u00dferdem gabs &#8222;lecci\u00f3nes de c\u00edne&#8220; in beiden st\u00e4dten cousin cousine war auch dabei<\/p>\n","protected":false},"author":1,"featured_media":0,"comment_status":"open","ping_status":"open","sticky":false,"template":"","format":"standard","meta":{"footnotes":""},"categories":[1,3,6],"tags":[],"class_list":["post-11","post","type-post","status-publish","format-standard","hentry","category-allgemein","category-cousincousine","category-workshop"],"_links":{"self":[{"href":"https:\/\/blog.mariamohr.de\/index.php?rest_route=\/wp\/v2\/posts\/11","targetHints":{"allow":["GET"]}}],"collection":[{"href":"https:\/\/blog.mariamohr.de\/index.php?rest_route=\/wp\/v2\/posts"}],"about":[{"href":"https:\/\/blog.mariamohr.de\/index.php?rest_route=\/wp\/v2\/types\/post"}],"author":[{"embeddable":true,"href":"https:\/\/blog.mariamohr.de\/index.php?rest_route=\/wp\/v2\/users\/1"}],"replies":[{"embeddable":true,"href":"https:\/\/blog.mariamohr.de\/index.php?rest_route=%2Fwp%2Fv2%2Fcomments&post=11"}],"version-history":[{"count":0,"href":"https:\/\/blog.mariamohr.de\/index.php?rest_route=\/wp\/v2\/posts\/11\/revisions"}],"wp:attachment":[{"href":"https:\/\/blog.mariamohr.de\/index.php?rest_route=%2Fwp%2Fv2%2Fmedia&parent=11"}],"wp:term":[{"taxonomy":"category","embeddable":true,"href":"https:\/\/blog.mariamohr.de\/index.php?rest_route=%2Fwp%2Fv2%2Fcategories&post=11"},{"taxonomy":"post_tag","embeddable":true,"href":"https:\/\/blog.mariamohr.de\/index.php?rest_route=%2Fwp%2Fv2%2Ftags&post=11"}],"curies":[{"name":"wp","href":"https:\/\/api.w.org\/{rel}","templated":true}]}}